{"id":5513,"date":"2021-06-10T12:09:05","date_gmt":"2021-06-10T10:09:05","guid":{"rendered":"http:\/\/eoihuesca.org\/?p=5513"},"modified":"2021-06-10T12:09:05","modified_gmt":"2021-06-10T10:09:05","slug":"plazo-ordinario-de-matricula-para-el-curso-2020-2021-alumnado-oficial-2-2","status":"publish","type":"post","link":"https:\/\/eoihuesca.org\/?p=5513","title":{"rendered":"PLAZOS DE MATR\u00cdCULA DEL ALUMNADO OFICIAL PARA EL CURSO 2021-2022"},"content":{"rendered":"\n<figure class=\"wp-block-image size-large\"><img loading=\"lazy\" width=\"1024\" height=\"193\" src=\"https:\/\/eoihuesca.org\/wp-content\/uploads\/2021\/06\/matricula_oficiales-1024x193.png\" alt=\"\" class=\"wp-image-5515\" srcset=\"https:\/\/eoihuesca.org\/wp-content\/uploads\/2021\/06\/matricula_oficiales-1024x193.png 1024w, https:\/\/eoihuesca.org\/wp-content\/uploads\/2021\/06\/matricula_oficiales-300x57.png 300w, https:\/\/eoihuesca.org\/wp-content\/uploads\/2021\/06\/matricula_oficiales-768x145.png 768w, https:\/\/eoihuesca.org\/wp-content\/uploads\/2021\/06\/matricula_oficiales-624x118.png 624w, https:\/\/eoihuesca.org\/wp-content\/uploads\/2021\/06\/matricula_oficiales.png 1150w\" sizes=\"(max-width: 1024px) 100vw, 1024px\" \/><\/figure>\n\n\n\n<p><\/p>\n\n\n\n<p><a href=\"https:\/\/eoihuesca.org\/admision\/instrucciones_matricula_rp.pdf\">Haga clic en este v\u00ednculo para consultar las instrucciones de matr\u00edcula<\/a><\/p>\n\n\n\n<p>El alumnado oficial de todos los niveles que, teniendo derecho, no se haya matriculado<br>en el plazo de julio, podr\u00e1 formalizar su matr\u00edcula en el plazo de septiembre.<\/p>\n\n\n\n<p>En caso de que el alumnado no hubiese formalizado la matr\u00edcula en los plazos indicados , o no se hubiesen realizado las actuaciones administrativas requeridas al efecto, decaer\u00e1 en su derecho  a la plaza que se ostenta.<\/p>\n","protected":false},"excerpt":{"rendered":"<p>Haga clic en este v\u00ednculo para consultar las instrucciones de matr\u00edcula El alumnado oficial de todos los niveles que, teniendo derecho, no se haya matriculadoen el plazo de julio, podr\u00e1 formalizar su matr\u00edcula en el plazo de septiembre. En caso de que el alumnado no hubiese formalizado la matr\u00edcula en los plazos indicados , o [&hellip;]<\/p>\n","protected":false},"author":5,"featured_media":0,"comment_status":"closed","ping_status":"closed","sticky":false,"template":"","format":"standard","meta":[],"categories":[44,67],"tags":[],"_links":{"self":[{"href":"https:\/\/eoihuesca.org\/index.php?rest_route=\/wp\/v2\/posts\/5513"}],"collection":[{"href":"https:\/\/eoihuesca.org\/index.php?rest_route=\/wp\/v2\/posts"}],"about":[{"href":"https:\/\/eoihuesca.org\/index.php?rest_route=\/wp\/v2\/types\/post"}],"author":[{"embeddable":true,"href":"https:\/\/eoihuesca.org\/index.php?rest_route=\/wp\/v2\/users\/5"}],"replies":[{"embeddable":true,"href":"https:\/\/eoihuesca.org\/index.php?rest_route=%2Fwp%2Fv2%2Fcomments&post=5513"}],"version-history":[{"count":3,"href":"https:\/\/eoihuesca.org\/index.php?rest_route=\/wp\/v2\/posts\/5513\/revisions"}],"predecessor-version":[{"id":5518,"href":"https:\/\/eoihuesca.org\/index.php?rest_route=\/wp\/v2\/posts\/5513\/revisions\/5518"}],"wp:attachment":[{"href":"https:\/\/eoihuesca.org\/index.php?rest_route=%2Fwp%2Fv2%2Fmedia&parent=5513"}],"wp:term":[{"taxonomy":"category","embeddable":true,"href":"https:\/\/eoihuesca.org\/index.php?rest_route=%2Fwp%2Fv2%2Fcategories&post=5513"},{"taxonomy":"post_tag","embeddable":true,"href":"https:\/\/eoihuesca.org\/index.php?rest_route=%2Fwp%2Fv2%2Ftags&post=5513"}],"curies":[{"name":"wp","href":"https:\/\/api.w.org\/{rel}","templated":true}]}}