{"id":3090,"date":"2016-12-22T10:13:55","date_gmt":"2016-12-22T09:13:55","guid":{"rendered":"http:\/\/eoihuesca.org\/?p=3090"},"modified":"2016-12-22T10:13:55","modified_gmt":"2016-12-22T09:13:55","slug":"horario-vacaciones-de-navidad","status":"publish","type":"post","link":"https:\/\/eoihuesca.org\/?p=3090","title":{"rendered":"HORARIO VACACIONES DE NAVIDAD"},"content":{"rendered":"<p>El centro estar\u00e1 abierto de 9:00 a 14:00 horas los d\u00edas 22, 27, 28 y 29 de diciembre y 3, 4 y 5 de enero.<\/p>\n<p>Las clases se reanudar\u00e1n el d\u00eda 9 de enero.<\/p>\n<p>&nbsp;<\/p>\n","protected":false},"excerpt":{"rendered":"<p>El centro estar\u00e1 abierto de 9:00 a 14:00 horas los d\u00edas 22, 27, 28 y 29 de diciembre y 3, 4 y 5 de enero. Las clases se reanudar\u00e1n el d\u00eda 9 de enero. &nbsp;<\/p>\n","protected":false},"author":5,"featured_media":0,"comment_status":"closed","ping_status":"closed","sticky":false,"template":"","format":"standard","meta":[],"categories":[1],"tags":[],"_links":{"self":[{"href":"https:\/\/eoihuesca.org\/index.php?rest_route=\/wp\/v2\/posts\/3090"}],"collection":[{"href":"https:\/\/eoihuesca.org\/index.php?rest_route=\/wp\/v2\/posts"}],"about":[{"href":"https:\/\/eoihuesca.org\/index.php?rest_route=\/wp\/v2\/types\/post"}],"author":[{"embeddable":true,"href":"https:\/\/eoihuesca.org\/index.php?rest_route=\/wp\/v2\/users\/5"}],"replies":[{"embeddable":true,"href":"https:\/\/eoihuesca.org\/index.php?rest_route=%2Fwp%2Fv2%2Fcomments&post=3090"}],"version-history":[{"count":1,"href":"https:\/\/eoihuesca.org\/index.php?rest_route=\/wp\/v2\/posts\/3090\/revisions"}],"predecessor-version":[{"id":3091,"href":"https:\/\/eoihuesca.org\/index.php?rest_route=\/wp\/v2\/posts\/3090\/revisions\/3091"}],"wp:attachment":[{"href":"https:\/\/eoihuesca.org\/index.php?rest_route=%2Fwp%2Fv2%2Fmedia&parent=3090"}],"wp:term":[{"taxonomy":"category","embeddable":true,"href":"https:\/\/eoihuesca.org\/index.php?rest_route=%2Fwp%2Fv2%2Fcategories&post=3090"},{"taxonomy":"post_tag","embeddable":true,"href":"https:\/\/eoihuesca.org\/index.php?rest_route=%2Fwp%2Fv2%2Ftags&post=3090"}],"curies":[{"name":"wp","href":"https:\/\/api.w.org\/{rel}","templated":true}]}}